{"id":166,"date":"2026-02-04T15:30:14","date_gmt":"2026-02-04T15:30:14","guid":{"rendered":"https:\/\/thesacredvalley.com\/fr\/?p=166"},"modified":"2026-02-04T15:30:14","modified_gmt":"2026-02-04T15:30:14","slug":"points-de-vue-vallee-sacree-incas","status":"publish","type":"post","link":"https:\/\/thesacredvalley.com\/fr\/points-de-vue-vallee-sacree-incas\/","title":{"rendered":"Les meilleurs points de vue de la Vall\u00e9e Sacr\u00e9e des Incas"},"content":{"rendered":"<div class=\"vs-breadcrumb\">\n<ul id=\"breadcrumbs\">\n<li><a href=\"\/fr\/\">Accueil<\/a><\/li>\n<p>        <span class=\"breadcrumb-separator i-ion-chevron-right\"><\/span><\/p>\n<li>\n<ul>\n<li><a href=\"\/fr\/blog\/\">Blog<\/a><\/li>\n<\/ul>\n<\/li>\n<p>        <span class=\"breadcrumb-separator i-ion-chevron-right\"><\/span><\/p>\n<li class=\"active\">Les meilleurs points de vue de la Vall\u00e9e Sacr\u00e9e des Incas<\/li>\n<\/ul>\n<\/div>\n<div class=\"vs-article\">\n<div class=\"vs-article__grilla single-main-content\">\n<div class=\"vs-article__main\">\n<div class=\"post-date\">\n<p class=\"text-justify\">12 mai 2025<\/p>\n<\/p><\/div>\n<h1>Les meilleurs points de vue de la Vall\u00e9e Sacr\u00e9e des Incas<\/h1>\n<div class=\"ts-content-area\">\n<p class=\"text-justify\">Au cours de notre parcours dans la Vall\u00e9e Sacr\u00e9e des Incas, nous trouverons des points de vue qui nous permettront d&rsquo;appr\u00e9cier une vue plus large de sa grande biodiversit\u00e9, tels que les montagnes, les rivi\u00e8res et les vall\u00e9es qui font de cet endroit l&rsquo;un des plus beaux de la r\u00e9gion de Cusco. D\u00e9couvrez les points de vue incontournables lors de votre visite et plongez dans leurs paysages impressionnants.<\/p>\n<p>                <img loading=\"lazy\" decoding=\"async\" class=\"aligncenter wp-image-14078 size-large\" alt=\"Vall\u00e9e Sacr\u00e9e\" width=\"1024\" height=\"635\" src=\"https:\/\/thesacredvalley.com\/wp-content\/uploads\/mirador-taray.jpg\"><\/p>\n<h4><b>Contenu<\/b><\/h4>\n<ul>\n<li><a href=\"#pourquoi-visiter\">Pourquoi visiter des points de vue dans la Vall\u00e9e Sacr\u00e9e ?<\/a><\/li>\n<li><a href=\"#points-de-vue\">Points de vue de la Vall\u00e9e Sacr\u00e9e des Incas<\/a>\n<ul>\n<li><a href=\"#mirador-taray\">Point de vue de Taray<\/a><\/li>\n<li><a href=\"#mirador-racchi\">Point de vue de Racchi<\/a><\/li>\n<li><a href=\"#mirador-cataratas-arin\">Point de vue des Chutes de Ar\u00edn<\/a><\/li>\n<li><a href=\"#mirador-tantanmarka\">Point de vue de Tantanmarka<\/a><\/li>\n<li><a href=\"#mirador-inti-punku\">Point de vue de l&rsquo;Inti Punku<\/a><\/li>\n<li><a href=\"#mirador-cristal-coya\">Point de vue de Cristal Coya<\/a><\/li>\n<\/ul>\n<\/li>\n<li><a href=\"#conseils\">Conseils pour votre visite des points de vue de la Vall\u00e9e Sacr\u00e9e<\/a><\/li>\n<li><a href=\"#questions-frequentes\">Questions fr\u00e9quentes<\/a><\/li>\n<\/ul>\n<hr>\n<h2 id=\"pourquoi-visiter\">Pourquoi visiter des points de vue dans la Vall\u00e9e Sacr\u00e9e ?<\/h2>\n<p class=\"text-justify\">Les points de vue de la Vall\u00e9e Sacr\u00e9e nous offrent des vues spectaculaires sur des vall\u00e9es fertiles, des terrasses agricoles, des montagnes imposantes, des neiges \u00e9ternelles et le fleuve Urubamba. Depuis ces points de vue, nous appr\u00e9cierons l&rsquo;harmonie entre la nature et les constructions inca\u00efques environnantes, offrant une perspective unique de cette r\u00e9gion.<\/p>\n<p class=\"text-justify\">La Vall\u00e9e Sacr\u00e9e est un lieu o\u00f9 nous pourrons vivre une exp\u00e9rience multisensorielle. Si nous prenons le temps de nous arr\u00eater, nous appr\u00e9cierons le son du vent, l&rsquo;odeur de la v\u00e9g\u00e9tation dense et des panoramas qui nous relieront \u00e0 toute l&rsquo;histoire de cet endroit. C&rsquo;est aussi l&rsquo;occasion id\u00e9ale de prendre des photos inoubliables. Capturer l&rsquo;aube ou le coucher du soleil depuis l&rsquo;un de ces points de vue sera l&rsquo;une des exp\u00e9riences les plus m\u00e9morables.<\/p>\n<div class=\"vs-widget-cta__content ts-mask-top\">\n<h4>Tour classique dans la Vall\u00e9e Sacr\u00e9e des Incas<\/h4>\n<p class=\"text-justify\" style=\"color: white;\">Si vous cherchez la meilleure visite de la Vall\u00e9e Sacr\u00e9e des Incas, le tour classique vous plongera dans les meilleures destinations comme le complexe arch\u00e9ologique de Pisac, le site arch\u00e9ologique de Chinchero et la forteresse arch\u00e9ologique d&rsquo;Ollantaytambo. Ces lieux vous offriront une exp\u00e9rience compl\u00e8te o\u00f9 vous pourrez en apprendre davantage sur leur histoire, leur contexte et leur architecture. L&rsquo;exp\u00e9rience comprend \u00e9galement un d\u00e9jeuner \u00e0 Urubamba. Ne manquez pas cette opportunit\u00e9 et partez \u00e0 la d\u00e9couverte des merveilles de la Vall\u00e9e Sacr\u00e9e des Incas.<\/p>\n<\/p><\/div>\n<h2 id=\"points-de-vue\">Points de vue de la Vall\u00e9e Sacr\u00e9e des Incas<\/h2>\n<p class=\"text-justify\">Chacun des points de vue a son propre charme. \u00c9tant donn\u00e9 la grande diversit\u00e9 dans toute la Vall\u00e9e Sacr\u00e9e, nous pourrons appr\u00e9cier des perspectives uniques \u00e0 chaque arr\u00eat. Avec la liste suivante, vous d\u00e9couvrirez les points de vue les plus importants et les plus beaux, pour ne pas les manquer lors de votre visite de ce territoire magique.<\/p>\n<ul>\n<li>\n<h3 id=\"mirador-taray\">1. Point de vue de Taray<\/h3>\n<p class=\"text-justify\">Ce point de vue est situ\u00e9 sur la route entre Cusco et Pisac, beaucoup plus proche de ce dernier. Nous pourrons appr\u00e9cier une vue panoramique de la Vall\u00e9e Sacr\u00e9e avec des terrasses agricoles, le fleuve Vilcanota et les montagnes environnantes. \u00c9tant situ\u00e9 sur la route la plus fr\u00e9quent\u00e9e de la Vall\u00e9e, il devient une visite presque incontournable, de fait, il est inclus dans la plupart des circuits.<\/p>\n<p class=\"text-justify\"><strong>Son altitude approximative est de 3 200 m\u00e8tres au-dessus du niveau de la mer et il est situ\u00e9 exactement dans le district de Taray, dans la province de Calca.<\/strong><\/p>\n<p>                        <img loading=\"lazy\" decoding=\"async\" class=\"aligncenter wp-image-14078 size-large\" alt=\"Vall\u00e9e Sacr\u00e9e\" width=\"1024\" height=\"635\" src=\"https:\/\/thesacredvalley.com\/wp-content\/uploads\/pisac-pueblo-taray.jpg\">\n                    <\/li>\n<li>\n<h3 id=\"mirador-racchi\">2. Point de vue de Racchi<\/h3>\n<p class=\"text-justify\">Le point de vue de Racchi est situ\u00e9 pr\u00e8s du village de Chinchero, d&rsquo;o\u00f9 nous pourrons appr\u00e9cier des vues sur la cordill\u00e8re de Vilcanota et le fleuve Urubamba. Nous pourrons \u00e9galement voir des villages comme Huayllabamba et Yucay. <strong>Son altitude approximative est de 3 700 m\u00e8tres au-dessus du niveau de la mer, et pr\u00e8s du point de vue, vous pourrez visiter son joli village et son march\u00e9 textile populaire de tissus traditionnels.<\/strong><\/p>\n<p>                        <img loading=\"lazy\" decoding=\"async\" class=\"aligncenter wp-image-14078 size-large\" alt=\"Vall\u00e9e Sacr\u00e9e\" width=\"1024\" height=\"635\" src=\"https:\/\/thesacredvalley.com\/wp-content\/uploads\/mirador-racchi.jpg\">\n                    <\/li>\n<li>\n<h3 id=\"mirador-cataratas-arin\">3. Point de vue des Chutes de Ar\u00edn<\/h3>\n<p class=\"text-justify\">Aussi connues sous le nom de chutes de la sir\u00e8ne, ce lieu offre un point de vue naturel apr\u00e8s avoir parcouru ses c\u00e9l\u00e8bres chutes d&rsquo;eau. De l\u00e0, nous pourrons appr\u00e9cier une vue imprenable sur la Vall\u00e9e Sacr\u00e9e entour\u00e9e d&rsquo;une v\u00e9g\u00e9tation dense, dans un cadre tr\u00e8s calme et peu visit\u00e9. L&rsquo;exp\u00e9rience, accompagn\u00e9e d&rsquo;une marche d&rsquo;environ une heure, est l&rsquo;une des meilleures pour s&rsquo;immerger dans les paysages de la Vall\u00e9e.<\/p>\n<p class=\"text-justify\"><strong>Son altitude approximative est de 2 800 m\u00e8tres au-dessus du niveau de la mer et il est situ\u00e9 exactement dans le village d&rsquo;Ar\u00edn, dans la province de Calca.<\/strong><\/p>\n<p>                        <img loading=\"lazy\" decoding=\"async\" class=\"aligncenter wp-image-14078 size-large\" alt=\"Vall\u00e9e Sacr\u00e9e\" width=\"1024\" height=\"635\" src=\"https:\/\/thesacredvalley.com\/wp-content\/uploads\/mirador-arin.jpg\">\n                    <\/li>\n<li>\n<h3 id=\"mirador-tantanmarka\">4. Point de vue de Tantanmarka<\/h3>\n<p class=\"text-justify\">Pr\u00e8s du village d&rsquo;Urubamba, nous trouverons le point de vue de Tantanmarka, qui nous offre une vue \u00e9tendue de cette r\u00e9gion, bien que ce soit le territoire le plus peupl\u00e9 de la Vall\u00e9e Sacr\u00e9e, il pr\u00e9sente encore des paysages inoubliables. C&rsquo;est aussi l&rsquo;occasion de mieux conna\u00eetre la capitale de la vall\u00e9e. <strong>Son altitude approximative est de 3 186 m\u00e8tres au-dessus du niveau de la mer et il est situ\u00e9 exactement dans le secteur de Chic\u00f3n, \u00e0 quelques kilom\u00e8tres de la province d&rsquo;Urubamba.<\/strong><\/p>\n<p>                        <img loading=\"lazy\" decoding=\"async\" class=\"aligncenter wp-image-14078 size-large\" alt=\"Vall\u00e9e Sacr\u00e9e\" width=\"1024\" height=\"635\" src=\"https:\/\/thesacredvalley.com\/wp-content\/uploads\/mirador-tantanmarka.jpg\">\n                    <\/li>\n<li>\n<h3 id=\"mirador-inti-punku\">5. Point de vue de l&rsquo;Inti Punku<\/h3>\n<p class=\"text-justify\">L&rsquo;Inti Punku ou Porte du Soleil se trouve au sommet d&rsquo;une montagne, d&rsquo;o\u00f9 nous pourrons appr\u00e9cier la vue sur la montagne Ver\u00f3nica et les montagnes environnantes, ainsi qu&rsquo;une construction inca \u00e0 forte valeur symbolique. C&rsquo;est un endroit o\u00f9 l&rsquo;on ne peut acc\u00e9der qu&rsquo;apr\u00e8s une longue marche de quatre heures, mais pendant le trajet, nous d\u00e9couvrirons des angles privil\u00e9gi\u00e9s de la g\u00e9ographie de la Vall\u00e9e Sacr\u00e9e. <strong>Son altitude approximative est de 3 900 m\u00e8tres au-dessus du niveau de la mer et il est situ\u00e9 exactement sur une montagne du district d&rsquo;Ollantaytambo.<\/strong><\/p>\n<p>                        <img loading=\"lazy\" decoding=\"async\" class=\"aligncenter wp-image-14078 size-large\" alt=\"Vall\u00e9e Sacr\u00e9e\" width=\"1024\" height=\"635\" src=\"https:\/\/thesacredvalley.com\/wp-content\/uploads\/mirador-intipunku.jpg\">\n                    <\/li>\n<li>\n<h3 id=\"mirador-cristal-coya\">6. Point de vue de Cristal Coya<\/h3>\n<p class=\"text-justify\">Contrairement aux autres points de vue, celui-ci est un lieu artificiel construit en 2021, mais il offre l&rsquo;un des meilleurs panoramas de toute la Vall\u00e9e Sacr\u00e9e et du village de Coya. Le point de vue est construit avec des panneaux de verre tremp\u00e9 et fait partie du parc \u00e0 th\u00e8me des lutins, offrant un parcours tr\u00e8s diversifi\u00e9 et enrichissant. <strong>Son altitude approximative est de 2 944 m\u00e8tres au-dessus du niveau de la mer et il est situ\u00e9 exactement au sommet d&rsquo;une colline du district de Coya, province de Calca.<\/strong><\/p>\n<p>                        <img loading=\"lazy\" decoding=\"async\" class=\"aligncenter wp-image-14078 size-large\" alt=\"Vall\u00e9e Sacr\u00e9e\" width=\"1024\" height=\"635\" src=\"https:\/\/thesacredvalley.com\/wp-content\/uploads\/mirador-cristal-coya.jpg\">\n                    <\/li>\n<\/ul>\n<h2 id=\"conseils\">Conseils pour votre visite des points de vue de la Vall\u00e9e Sacr\u00e9e<\/h2>\n<p class=\"text-justify\">Pour am\u00e9liorer votre voyage \u00e0 travers les principaux points de vue de la Vall\u00e9e Sacr\u00e9e des Incas, nous vous pr\u00e9senterons une liste de conseils et de recommandations qui rendront votre exp\u00e9rience encore plus impressionnante. Ainsi, votre visite des points de vue sera encore plus enrichissante et inform\u00e9e.<\/p>\n<ul>\n<li>Chaque point de vue vous offre des panoramas divers, donc les visiter tous est essentiel si nous voulons \u00eatre \u00e9merveill\u00e9s \u00e0 chaque \u00e9tape de notre voyage dans la Vall\u00e9e Sacr\u00e9e.<\/li>\n<li>La Vall\u00e9e Sacr\u00e9e des Incas est un endroit id\u00e9al pour s&rsquo;acclimater pendant vos premiers jours \u00e0 Cusco, gr\u00e2ce \u00e0 son altitude d&rsquo;environ 2 900 m\u00e8tres au-dessus du niveau de la mer, elle offre un climat agr\u00e9able.<\/li>\n<li><strong>Vous pouvez visiter la plupart des points de vue \u00e0 n&rsquo;importe quelle heure de la journ\u00e9e, par exemple, \u00e0 l&rsquo;Inti Punku ou au point de vue de Taray, il n&rsquo;y a pas de contr\u00f4le d&rsquo;entr\u00e9e.<\/strong><\/li>\n<li>Emportez beaucoup d&rsquo;eau et des encas pour le trajet vers les points de vue les plus \u00e9loign\u00e9s, car depuis le sommet de ces lieux, vous pourrez vous d\u00e9tendre en profitant du panorama.<\/li>\n<li>Si vous visitez la Vall\u00e9e Sacr\u00e9e pendant la saison s\u00e8che (d&rsquo;avril \u00e0 octobre), vous trouverez un climat plus ensoleill\u00e9 et d\u00e9gag\u00e9, offrant de meilleures vues.<\/li>\n<li>Pendant la saison des pluies (novembre \u00e0 mars), vous trouverez plus de chances de pr\u00e9cipitations, alors soyez pr\u00e9par\u00e9 avec un poncho ou des v\u00eatements imperm\u00e9ables.<\/li>\n<li>Visiter le point de vue de l&rsquo;Inti Punku vous permet de profiter d&rsquo;une marche tr\u00e8s agr\u00e9able tout en d\u00e9couvrant les plus beaux paysages de la Vall\u00e9e Sacr\u00e9e.<\/li>\n<li>Parcourez chaque point de vue de la Vall\u00e9e Sacr\u00e9e avec calme, en vous impr\u00e9gnant des panoramas magiques que cette vall\u00e9e vous offre, vous ressentirez ainsi mieux son \u00e9nergie et sa beaut\u00e9.<\/li>\n<li><strong>N&rsquo;oubliez pas que vous pouvez planifier votre tour dans la Vall\u00e9e Sacr\u00e9e selon votre pr\u00e9f\u00e9rence, consultez nos conseillers et d\u00e9couvrez toutes les options disponibles pour le visiter.<\/strong><\/li>\n<\/ul>\n<h2 id=\"questions-frequentes\">Questions Fr\u00e9quentes<\/h2>\n<ul class=\"text-justify\" style=\"list-style: none;\">\n<li>\n<h4>1. Quel est le meilleur point de vue de la Vall\u00e9e Sacr\u00e9e ?<\/h4>\n<p class=\"text-justify\">Le point de vue de Taray est l&rsquo;un des plus populaires gr\u00e2ce \u00e0 son acc\u00e8s facile et sa vue panoramique sur la Vall\u00e9e Sacr\u00e9e, tandis que l&rsquo;Inti Punku se distingue par sa valeur arch\u00e9ologique et sa vue privil\u00e9gi\u00e9e sur les neiges.<\/p>\n<\/li>\n<li>\n<h4>2. Faut-il payer pour acc\u00e9der aux points de vue ?<\/h4>\n<p class=\"text-justify\">La plupart des points de vue de la Vall\u00e9e Sacr\u00e9e ne n\u00e9cessitent aucun paiement pour les visiter, des sites comme le point de vue de Taray, Racchi, l&rsquo;Inti Punku, les chutes de Ar\u00edn et Tantanmarka sont en acc\u00e8s libre.<\/p>\n<\/li>\n<li>\n<h4>3. Quelle est la meilleure heure pour visiter les points de vue ?<\/h4>\n<p class=\"text-justify\">Les premi\u00e8res heures du matin ou le coucher du soleil sont les moments id\u00e9aux, vous aurez ainsi une exp\u00e9rience beaucoup plus enrichissante.<\/p>\n<\/li>\n<li>\n<h4>4. Quel point de vue offre une vue sur la montagne Ver\u00f3nica ?<\/h4>\n<p class=\"text-justify\">Le point de vue de l&rsquo;Inti Punku est le plus recommand\u00e9 pour admirer la montagne Ver\u00f3nica dans toute sa splendeur. La marche jusqu&rsquo;\u00e0 ce point \u00e9lev\u00e9 offre des vues panoramiques aussi bien sur la montagne que sur la vall\u00e9e.<\/p>\n<\/li>\n<li>\n<h4>5. Quel est le point de vue le moins visit\u00e9 et le plus tranquille ?<\/h4>\n<p class=\"text-justify\">Le point de vue des Chutes de Ar\u00edn est l&rsquo;un des moins fr\u00e9quent\u00e9s. Son acc\u00e8s n\u00e9cessite une courte marche et offre une exp\u00e9rience plus intime avec la nature.<\/p>\n<\/li>\n<li>\n<h4>6. Que faut-il apporter lors de la visite des points de vue de la Vall\u00e9e Sacr\u00e9e ?<\/h4>\n<p class=\"text-justify\">Il est recommand\u00e9 d&#8217;emporter de l&rsquo;eau, des v\u00eatements confortables, un \u00e9cran solaire, une casquette, un appareil photo et des encas. En saison des pluies, il est aussi utile d&#8217;emporter un poncho ou une veste imperm\u00e9able.<\/p>\n<\/li>\n<li>\n<h4>7. Quelle est la meilleure saison pour visiter les points de vue ?<\/h4>\n<p class=\"text-justify\">La meilleure saison pour les visiter est pendant la saison s\u00e8che, entre avril et octobre. Le climat offre des vues plus nettes sur la vall\u00e9e.<\/p>\n<\/li>\n<li>\n<h4>8. Combien de temps dure la marche vers le point de vue de l&rsquo;Inti Punku ?<\/h4>\n<p class=\"text-justify\">La marche vers le point de vue de l&rsquo;Inti Punku prend environ 4 heures d&rsquo;ascension, c&rsquo;est un parcours exigeant mais id\u00e9al pour des vues spectaculaires.<\/p>\n<\/li>\n<li>\n<h4>9. Quel est le point de vue le plus accessible pour les personnes \u00e0 mobilit\u00e9 r\u00e9duite ?<\/h4>\n<p class=\"text-justify\">Le point de vue de Taray est l&rsquo;un des plus accessibles, car il se trouve juste au bord de la route et ne n\u00e9cessite pas de marche.<\/p>\n<\/li>\n<li>\n<h4>10. Faut-il \u00eatre en bonne forme physique pour visiter les points de vue ?<\/h4>\n<p class=\"text-justify\">Cela d\u00e9pend du point de vue que vous visitez. Certains, comme Taray ou le point de vue de Cristal, ne n\u00e9cessitent pas un grand effort physique. En revanche, l&rsquo;Inti Punku ou les Chutes de Ar\u00edn n\u00e9cessitent une condition physique stable.<\/p>\n<\/li>\n<\/ul><\/div>\n<\/p><\/div>\n<div class=\"vs-article__sidebar ts-span-4\">\n<div class=\"vs-sidebar__spec\">\n<section class=\"widget widget_ts_title_widget\">\n<h2 class=\"vs-sidebar__h2\">\n                        <span>R\u00c9ALISEZ VOTRE VOYAGE DE R\u00caVE AVEC THESACREDVALLEY.COM<\/span><br \/>\n                    <\/h2>\n<\/section>\n<section class=\"vs-widget__cta\">\n<div class=\"vs-widget-cta__content ts-mask-top\">\n<div class=\"vs-widget-cta__grid\">\n<h2 class=\"vs-widget-cta__h2\">PROPOSITION DE VOYAGE PERSONNALIS\u00c9<br \/>\n                            <\/h2>\n<p class=\"text-justify\">\n<\/p><\/div>\n<p>                        <a class=\"vs-widget-cta__button btn btn-yellow btn-small\" href=\"https:\/\/thesacredvalley.com\/fr\/contactez-nous\/\" target=\"_self\" rel=\"noopener\">Demander une proposition de voyage<\/a>\n                    <\/div>\n<\/section><\/div>\n<\/p><\/div>\n<\/p><\/div>\n<\/div>\n","protected":false},"excerpt":{"rendered":"<p>Accueil Blog Les meilleurs points de vue de la Vall\u00e9e Sacr\u00e9e des Incas 12 mai 2025 Les meilleurs points de vue de la Vall\u00e9e Sacr\u00e9e des Incas Au cours de notre parcours dans la Vall\u00e9e Sacr\u00e9e des Incas, nous trouverons des points de vue qui nous permettront d&rsquo;appr\u00e9cier une vue plus large de sa grande [&hellip;]<\/p>\n","protected":false},"author":1,"featured_media":0,"comment_status":"open","ping_status":"open","sticky":false,"template":"","format":"standard","meta":{"footnotes":""},"categories":[1],"tags":[],"class_list":["post-166","post","type-post","status-publish","format-standard","hentry","category-uncategorized","wpautop"],"aioseo_notices":[],"_links":{"self":[{"href":"https:\/\/thesacredvalley.com\/fr\/wp-json\/wp\/v2\/posts\/166"}],"collection":[{"href":"https:\/\/thesacredvalley.com\/fr\/wp-json\/wp\/v2\/posts"}],"about":[{"href":"https:\/\/thesacredvalley.com\/fr\/wp-json\/wp\/v2\/types\/post"}],"author":[{"embeddable":true,"href":"https:\/\/thesacredvalley.com\/fr\/wp-json\/wp\/v2\/users\/1"}],"replies":[{"embeddable":true,"href":"https:\/\/thesacredvalley.com\/fr\/wp-json\/wp\/v2\/comments?post=166"}],"version-history":[{"count":1,"href":"https:\/\/thesacredvalley.com\/fr\/wp-json\/wp\/v2\/posts\/166\/revisions"}],"predecessor-version":[{"id":167,"href":"https:\/\/thesacredvalley.com\/fr\/wp-json\/wp\/v2\/posts\/166\/revisions\/167"}],"wp:attachment":[{"href":"https:\/\/thesacredvalley.com\/fr\/wp-json\/wp\/v2\/media?parent=166"}],"wp:term":[{"taxonomy":"category","embeddable":true,"href":"https:\/\/thesacredvalley.com\/fr\/wp-json\/wp\/v2\/categories?post=166"},{"taxonomy":"post_tag","embeddable":true,"href":"https:\/\/thesacredvalley.com\/fr\/wp-json\/wp\/v2\/tags?post=166"}],"curies":[{"name":"wp","href":"https:\/\/api.w.org\/{rel}","templated":true}]}}